{"id":1983,"date":"2024-09-30T10:35:22","date_gmt":"2024-09-30T10:35:22","guid":{"rendered":"https:\/\/www.dorelanreactivecycling.com\/?p=1983"},"modified":"2024-09-30T10:40:48","modified_gmt":"2024-09-30T10:40:48","slug":"saturday-12th-october-aperitif-with-davide-cassani","status":"publish","type":"post","link":"https:\/\/www.dorelanreactivecycling.com\/en\/saturday-12th-october-aperitif-with-davide-cassani\/","title":{"rendered":"Saturday 12 October: APERITIF WITH DAVIDE CASSANI!!"},"content":{"rendered":"<p class=\"wp-block-paragraph\"><strong>Saturday 12th October\u00a0<\/strong>we will have a special guest at\u00a0<strong>Dorelan ReActive Cycling<\/strong>:\u00a0<strong>David Cassani<\/strong>, former professional cyclist and former coach of the Italian national cycling team.<\/p>\n\n\n\n<p class=\"wp-block-paragraph\">An incredible opportunity to meet one of the most important faces of Italian cycling! The event will start at&nbsp;<strong>17.00<\/strong>, and for the occasion there will be a fantastic&nbsp;<strong>aperitif for everyone<\/strong>!!&nbsp;<\/p>\n\n\n\n<p class=\"wp-block-paragraph\">Sunday&nbsp;<strong>October 13th<\/strong>&nbsp;will leave with us to experience the&nbsp;<strong>Dorelan Granfondo<\/strong>!! We inaugurate this&nbsp;<strong>9th edition<\/strong>&nbsp;of Dorelan ReActive Cycling in style!!<\/p>\n\n\n\n<p class=\"wp-block-paragraph\">We are waiting for you on&nbsp;<strong>October 12-13<\/strong>&nbsp;to&nbsp;<strong>Garda Lake<\/strong>&nbsp;to experience a breathtaking weekend immersed in the landscapes of Garda Veneto. The perfect opportunity to end the 2024 cycling season in style!!&nbsp;<\/p>","protected":false},"excerpt":{"rendered":"<p>Sabato 12 Ottobre\u00a0avremo un ospite speciale alla\u00a0Dorelan ReActive Cycling:\u00a0Davide Cassani, ex ciclista professionista e ex CT della Nazionale Italiana di ciclismo. Un&#8217;opportunit\u00e0 incredibile per incontrate uno dei volti pi\u00f9 importanti del ciclismo italiano!&nbsp;L&#8217;evento inizier\u00e0 alle ore&nbsp;17.00, e per l&#8217;occasione ci sar\u00e0 un fantastico&nbsp;aperitivo per tutti!!&nbsp; Domenica&nbsp;13 Ottobre&nbsp;partir\u00e0 con noi per vivere la&nbsp;Granfondo Dorelan!!&nbsp;Inauguriamo questa&nbsp;9\u00aa edizione&nbsp;della [&hellip;]<\/p>\n","protected":false},"author":2,"featured_media":1984,"comment_status":"open","ping_status":"open","sticky":false,"template":"","format":"standard","meta":{"footnotes":""},"categories":[1],"tags":[],"class_list":["post-1983","post","type-post","status-publish","format-standard","has-post-thumbnail","hentry","category-uncategorized"],"_links":{"self":[{"href":"https:\/\/www.dorelanreactivecycling.com\/en\/wp-json\/wp\/v2\/posts\/1983","targetHints":{"allow":["GET"]}}],"collection":[{"href":"https:\/\/www.dorelanreactivecycling.com\/en\/wp-json\/wp\/v2\/posts"}],"about":[{"href":"https:\/\/www.dorelanreactivecycling.com\/en\/wp-json\/wp\/v2\/types\/post"}],"author":[{"embeddable":true,"href":"https:\/\/www.dorelanreactivecycling.com\/en\/wp-json\/wp\/v2\/users\/2"}],"replies":[{"embeddable":true,"href":"https:\/\/www.dorelanreactivecycling.com\/en\/wp-json\/wp\/v2\/comments?post=1983"}],"version-history":[{"count":2,"href":"https:\/\/www.dorelanreactivecycling.com\/en\/wp-json\/wp\/v2\/posts\/1983\/revisions"}],"predecessor-version":[{"id":1986,"href":"https:\/\/www.dorelanreactivecycling.com\/en\/wp-json\/wp\/v2\/posts\/1983\/revisions\/1986"}],"wp:featuredmedia":[{"embeddable":true,"href":"https:\/\/www.dorelanreactivecycling.com\/en\/wp-json\/wp\/v2\/media\/1984"}],"wp:attachment":[{"href":"https:\/\/www.dorelanreactivecycling.com\/en\/wp-json\/wp\/v2\/media?parent=1983"}],"wp:term":[{"taxonomy":"category","embeddable":true,"href":"https:\/\/www.dorelanreactivecycling.com\/en\/wp-json\/wp\/v2\/categories?post=1983"},{"taxonomy":"post_tag","embeddable":true,"href":"https:\/\/www.dorelanreactivecycling.com\/en\/wp-json\/wp\/v2\/tags?post=1983"}],"curies":[{"name":"wp","href":"https:\/\/api.w.org\/{rel}","templated":true}]}}