{"id":3522,"date":"2026-09-02T07:30:34","date_gmt":"2026-09-02T07:30:34","guid":{"rendered":"https:\/\/www.dorelanreactivecycling.com\/?p=3522"},"modified":"2026-09-02T10:21:16","modified_gmt":"2026-09-02T10:21:16","slug":"just-over-a-month-at-the-dorelan-lake-garda-outdoor-festival","status":"publish","type":"post","link":"https:\/\/www.dorelanreactivecycling.com\/en\/just-over-a-month-at-the-dorelan-lake-garda-outdoor-festival\/","title":{"rendered":"A LITTLE OVER A MONTH TO THE DORELAN LAKE GARDA OUTDOOR FESTIVAL"},"content":{"rendered":"<div data-elementor-type=\"wp-post\" data-elementor-id=\"3522\" class=\"elementor elementor-3522\" data-elementor-post-type=\"post\">\n\t\t\t\t<div class=\"elementor-element elementor-element-1e0a8a83 e-flex e-con-boxed e-con e-parent\" data-id=\"1e0a8a83\" data-element_type=\"container\">\n\t\t\t\t\t<div class=\"e-con-inner\">\n\t\t\t\t<div class=\"elementor-element elementor-element-62aa134 elementor-widget elementor-widget-text-editor\" data-id=\"62aa134\" data-element_type=\"widget\" data-widget_type=\"text-editor.default\">\n\t\t\t\t<div class=\"elementor-widget-container\">\n\t\t\t\t\t\t\t\t\t<p><strong>October 10-11<\/strong>The wait is almost over! Just over a month to go until the most anticipated weekend on the Venetian shore of Lake Garda!<\/p><p>The <strong>DORELAN LAKE GARDA OUTDOOR FESTIVAL<\/strong> is ready to turn on again <strong>Garda Lake<\/strong> with a weekend dedicated to sport and fun, in the unique setting of Lake Garda.<\/p><p>The great two-wheeled event will be the beating heart of the Festival: the <strong>GRANFONDO DORELAN<\/strong>.<\/p><p>A spectacular challenge between <strong>scenic roads, territory and passion<\/strong>, designed to experience Lake Garda from a truly special perspective.<\/p>\t\t\t\t\t\t\t\t<\/div>\n\t\t\t\t<\/div>\n\t\t\t\t<div class=\"elementor-element elementor-element-731bb81 elementor-widget elementor-widget-text-editor\" data-id=\"731bb81\" data-element_type=\"widget\" data-widget_type=\"text-editor.default\">\n\t\t\t\t<div class=\"elementor-widget-container\">\n\t\t\t\t\t\t\t\t\t<p><strong>BIBS ARE LIMITED!<\/strong><\/p>\t\t\t\t\t\t\t\t<\/div>\n\t\t\t\t<\/div>\n\t\t\t\t<div class=\"elementor-element elementor-element-f21baee elementor-align-center elementor-widget elementor-widget-button\" data-id=\"f21baee\" data-element_type=\"widget\" data-widget_type=\"button.default\">\n\t\t\t\t<div class=\"elementor-widget-container\">\n\t\t\t\t\t\t\t\t\t<div class=\"elementor-button-wrapper\">\n\t\t\t\t\t<a class=\"elementor-button elementor-button-link elementor-size-sm\" href=\"https:\/\/www.dorelanreactivecycling.com\/en\/sign-up\/\">\n\t\t\t\t\t\t<span class=\"elementor-button-content-wrapper\">\n\t\t\t\t\t\t\t\t\t<span class=\"elementor-button-text\">SUBSCRIBE NOW!<\/span>\n\t\t\t\t\t<\/span>\n\t\t\t\t\t<\/a>\n\t\t\t\t<\/div>\n\t\t\t\t\t\t\t\t<\/div>\n\t\t\t\t<\/div>\n\t\t\t\t<div class=\"elementor-element elementor-element-a6580f8 elementor-widget elementor-widget-text-editor\" data-id=\"a6580f8\" data-element_type=\"widget\" data-widget_type=\"text-editor.default\">\n\t\t\t\t<div class=\"elementor-widget-container\">\n\t\t\t\t\t\t\t\t\t<figure><img decoding=\"async\" src=\"https:\/\/www.dorelanreactivecycling.com\/wp-content\/uploads\/2025\/09\/4U3A2024-Migliorato-NR-1024x683.jpg\" alt=\"\" \/><\/figure><p><strong>HAVE YOU ALREADY CHOSEN HOW TO LIVE IT?<\/strong><\/p><p>One weekend, two events, and plenty of excitement to experience on Lake Garda.<\/p><p><strong>OCTOBER 10<\/strong> | <strong>DORELAN REACTIVE RUN<\/strong><br \/>A perfect experience for everyone: <strong>5 km and 10 km<\/strong> Through the natural and historical beauty of Peschiera del Garda, all the way to the banks of the Mincio River. A route to enjoy at your own pace, suitable for runners of all levels, enthusiasts, families, and children.<\/p><p><strong>OCTOBER 11<\/strong> | THE QUEEN OF THE WEEKEND: <strong>GRANFONDO DORELAN<\/strong><br \/>The great cycling event on the Venetian shore of Lake Garda celebrates <strong>11 years of history, passion and sport<\/strong>An important milestone that we celebrate together with an even more exciting, spectacular, and engaging 2026 edition than ever before.<\/p><figure><img decoding=\"async\" src=\"https:\/\/www.dorelanreactivecycling.com\/wp-content\/uploads\/2025\/10\/252_DorelanSabato_EZY9811-1024x681.jpg\" alt=\"\" \/><\/figure>\t\t\t\t\t\t\t\t<\/div>\n\t\t\t\t<\/div>\n\t\t\t\t<div class=\"elementor-element elementor-element-2fe0d63 elementor-align-center elementor-widget elementor-widget-button\" data-id=\"2fe0d63\" data-element_type=\"widget\" data-widget_type=\"button.default\">\n\t\t\t\t<div class=\"elementor-widget-container\">\n\t\t\t\t\t\t\t\t\t<div class=\"elementor-button-wrapper\">\n\t\t\t\t\t<a class=\"elementor-button elementor-button-link elementor-size-sm\" href=\"https:\/\/www.dorelanreactivecycling.com\/en\">\n\t\t\t\t\t\t<span class=\"elementor-button-content-wrapper\">\n\t\t\t\t\t\t\t\t\t<span class=\"elementor-button-text\">FIND OUT MORE'<\/span>\n\t\t\t\t\t<\/span>\n\t\t\t\t\t<\/a>\n\t\t\t\t<\/div>\n\t\t\t\t\t\t\t\t<\/div>\n\t\t\t\t<\/div>\n\t\t\t\t<div class=\"elementor-element elementor-element-cd1d905 elementor-widget elementor-widget-text-editor\" data-id=\"cd1d905\" data-element_type=\"widget\" data-widget_type=\"text-editor.default\">\n\t\t\t\t<div class=\"elementor-widget-container\">\n\t\t\t\t\t\t\t\t\t<figure><\/figure><p>We inaugurate this <strong>11th edition<\/strong> great! We&#039;re waiting for you!<br \/><strong>Peschiera del Garda | October 10-11, 2026<\/strong><\/p>\t\t\t\t\t\t\t\t<\/div>\n\t\t\t\t<\/div>\n\t\t\t\t\t<\/div>\n\t\t\t\t<\/div>\n\t\t\t\t<\/div>","protected":false},"excerpt":{"rendered":"<p>10-11 Ottobre: l\u2019attesa \u00e8 quasi finita! Manca poco pi\u00f9 di un mese al weekend pi\u00f9 atteso sulla sponda veneta del Lago di Garda! Il DORELAN LAKE GARDA OUTDOOR FESTIVAL \u00e8 pronto a riaccendere Peschiera del Garda con un weekend dedicato allo sport e al divertimento, nello scenario unico del Lago di Garda. Il grande appuntamento [&hellip;]<\/p>\n","protected":false},"author":2,"featured_media":3488,"comment_status":"open","ping_status":"open","sticky":false,"template":"","format":"standard","meta":{"footnotes":""},"categories":[1],"tags":[],"class_list":["post-3522","post","type-post","status-publish","format-standard","has-post-thumbnail","hentry","category-uncategorized"],"_links":{"self":[{"href":"https:\/\/www.dorelanreactivecycling.com\/en\/wp-json\/wp\/v2\/posts\/3522","targetHints":{"allow":["GET"]}}],"collection":[{"href":"https:\/\/www.dorelanreactivecycling.com\/en\/wp-json\/wp\/v2\/posts"}],"about":[{"href":"https:\/\/www.dorelanreactivecycling.com\/en\/wp-json\/wp\/v2\/types\/post"}],"author":[{"embeddable":true,"href":"https:\/\/www.dorelanreactivecycling.com\/en\/wp-json\/wp\/v2\/users\/2"}],"replies":[{"embeddable":true,"href":"https:\/\/www.dorelanreactivecycling.com\/en\/wp-json\/wp\/v2\/comments?post=3522"}],"version-history":[{"count":10,"href":"https:\/\/www.dorelanreactivecycling.com\/en\/wp-json\/wp\/v2\/posts\/3522\/revisions"}],"predecessor-version":[{"id":3540,"href":"https:\/\/www.dorelanreactivecycling.com\/en\/wp-json\/wp\/v2\/posts\/3522\/revisions\/3540"}],"wp:featuredmedia":[{"embeddable":true,"href":"https:\/\/www.dorelanreactivecycling.com\/en\/wp-json\/wp\/v2\/media\/3488"}],"wp:attachment":[{"href":"https:\/\/www.dorelanreactivecycling.com\/en\/wp-json\/wp\/v2\/media?parent=3522"}],"wp:term":[{"taxonomy":"category","embeddable":true,"href":"https:\/\/www.dorelanreactivecycling.com\/en\/wp-json\/wp\/v2\/categories?post=3522"},{"taxonomy":"post_tag","embeddable":true,"href":"https:\/\/www.dorelanreactivecycling.com\/en\/wp-json\/wp\/v2\/tags?post=3522"}],"curies":[{"name":"wp","href":"https:\/\/api.w.org\/{rel}","templated":true}]}}